{"id":4762,"date":"2025-03-23T20:51:50","date_gmt":"2025-03-23T20:51:50","guid":{"rendered":"https:\/\/3nlighting.com\/yerel-zincirler-fuarinda-3n-aydinlatma-imzasi\/"},"modified":"2025-08-02T08:02:40","modified_gmt":"2025-08-02T08:02:40","slug":"3n-beleuchtung-setzt-ein-zeichen-auf-der-messe-lokale-ketten","status":"publish","type":"post","link":"https:\/\/3nlighting.com\/de\/3n-beleuchtung-setzt-ein-zeichen-auf-der-messe-lokale-ketten\/","title":{"rendered":"3N Beleuchtung setzt ein Zeichen auf der Messe Lokale Ketten"},"content":{"rendered":"<p>Am 13.\u201314. September 2023 nahmen wir an der Konferenz und Messe \u201eLokale Ketten Treffen 2023\u201c im Hali\u00e7 Kongresszentrum teil.<\/p>\n<p>Wir danken allen Besuchern herzlich f\u00fcr das gro\u00dfe Interesse an unserem Stand, auf dem wir unsere Beleuchtungsl\u00f6sungen pr\u00e4sentierten. Als 3N Beleuchtung st\u00e4rken wir mit innovativen Produkten t\u00e4glich unsere Position in der Branche.<\/p>\n","protected":false},"excerpt":{"rendered":"<p>Am 13.\u201314. September 2023 nahmen wir an der Konferenz und Messe \u201eLokale Ketten Treffen 2023\u201c im Hali\u00e7 Kongresszentrum teil. Wir danken allen Besuchern herzlich f\u00fcr das<span class=\"excerpt-hellip\"> [\u2026]<\/span><\/p>\n","protected":false},"author":5,"featured_media":4764,"comment_status":"open","ping_status":"open","sticky":false,"template":"","format":"standard","meta":{"_joinchat":[],"footnotes":""},"categories":[105],"tags":[],"class_list":["post-4762","post","type-post","status-publish","format-standard","has-post-thumbnail","hentry","category-nicht-kategorisiert"],"aioseo_notices":[],"_links":{"self":[{"href":"https:\/\/3nlighting.com\/de\/wp-json\/wp\/v2\/posts\/4762","targetHints":{"allow":["GET"]}}],"collection":[{"href":"https:\/\/3nlighting.com\/de\/wp-json\/wp\/v2\/posts"}],"about":[{"href":"https:\/\/3nlighting.com\/de\/wp-json\/wp\/v2\/types\/post"}],"author":[{"embeddable":true,"href":"https:\/\/3nlighting.com\/de\/wp-json\/wp\/v2\/users\/5"}],"replies":[{"embeddable":true,"href":"https:\/\/3nlighting.com\/de\/wp-json\/wp\/v2\/comments?post=4762"}],"version-history":[{"count":2,"href":"https:\/\/3nlighting.com\/de\/wp-json\/wp\/v2\/posts\/4762\/revisions"}],"predecessor-version":[{"id":4768,"href":"https:\/\/3nlighting.com\/de\/wp-json\/wp\/v2\/posts\/4762\/revisions\/4768"}],"wp:featuredmedia":[{"embeddable":true,"href":"https:\/\/3nlighting.com\/de\/wp-json\/wp\/v2\/media\/4764"}],"wp:attachment":[{"href":"https:\/\/3nlighting.com\/de\/wp-json\/wp\/v2\/media?parent=4762"}],"wp:term":[{"taxonomy":"category","embeddable":true,"href":"https:\/\/3nlighting.com\/de\/wp-json\/wp\/v2\/categories?post=4762"},{"taxonomy":"post_tag","embeddable":true,"href":"https:\/\/3nlighting.com\/de\/wp-json\/wp\/v2\/tags?post=4762"}],"curies":[{"name":"wp","href":"https:\/\/api.w.org\/{rel}","templated":true}]}}